{"id":703,"date":"2024-11-19T23:00:41","date_gmt":"2024-11-19T22:00:41","guid":{"rendered":"https:\/\/anklangundloesung.ch\/?p=703"},"modified":"2024-11-19T23:05:03","modified_gmt":"2024-11-19T22:05:03","slug":"gedanken-zur-stille","status":"publish","type":"post","link":"https:\/\/anklangundloesung.ch\/index.php\/2024\/11\/19\/gedanken-zur-stille\/","title":{"rendered":"Gedanken zur Stille"},"content":{"rendered":"\n<p><strong>\u00abEin Tag ohne Alleinsein, ohne Stille, ohne das Gr\u00fcn eines Baumes oder die Weite des Himmels ist kein gelebter Tag. Und wenn es nur eine halbe Stunde w\u00e4hrend des Tages ist oder abends vor dem Schlafengehen, wenn es nur ein Strauch ist, der vor dem Fenster gr\u00fcnt, oder ein paar Blumen in der Vase, das Wort eines Dichters, ein paar Takte Musik.\u00bb (Theodor Hieck)<\/strong><\/p>\n\n\n\n<p>Stille ist meine Freundin, sie ist verl\u00e4sslich und anwesend, in Momenten des Alleinseins, in der Natur und nach L\u00e4rmstrapazen. Ihr Unermesslichkeit fordert heraus, ich stelle sie mir in der Tiefe des Ozeans oder in der Weite des Alls vor.&nbsp;<\/p>\n\n\n\n<p>Stille und Raum sind verbunden, als H\u00f6rende lauschen wir in die Umgebung hinien.&nbsp;<\/p>\n\n\n\n<p>Mich h\u00f6rend einlassen, ist f\u00fcr mich dann einladend, wenn sich Kl\u00e4nge dynamisch ausgleichend verhalten und gleichzeitig f\u00fcr sich erkennbar bleiben. Dann kann ich mich mit ihnen verbinden. In diesem Sinne erkennt mein Geh\u00f6r kleinste Ger\u00e4uschabweichungen, deutet sie, gestaltet sie und komponiert aus dem Geh\u00f6rten ein pers\u00f6nliches Klangbild, eine Atmosph\u00e4re. Verschiedene Arten der Stille, wie die des Sonnenuntergangs, einer Waldlichtung, einer Schneelandschaft, eines Bergsees, einer zuh\u00f6renden Person oder die Stille nach einem Donnerschlag bergen ganz verschiedene Stimmungen.&nbsp;<\/p>\n\n\n\n<p>In der Improvisation ist sie unser gemeinsamer Bezug. Aus der Stille heraus starten wir, sie gibt w\u00e4hrend des Spiels Raum, sie tritt in den Schatten der Kl\u00e4nge, verschwindet nie, und auch in chaotischen und dynamischen Interaktionen ist sie pr\u00e4sent, nutzt Millisekunden. Im luftigen Timbre einer Stimme, zwischen den Betonungen eines Trommelwirbels oder im Klang eines fein gestrichenen Cellotons schwingt sie mit und scheint greifbar.<\/p>\n\n\n\n<p>Ich horche &#8211; &#171;Stille&#187; &#8211; und bedanke mich, f\u00fcr ihr Dasein und f\u00fcr ihre \u00dcberraschungen, mit denen sie uns immer wieder beschenkt.<\/p>\n\n\n\n<p><\/p>\n","protected":false},"excerpt":{"rendered":"<p>\u00abEin Tag ohne Alleinsein, ohne Stille, ohne das Gr\u00fcn eines Baumes oder die Weite des Himmels ist kein gelebter Tag. Und wenn es nur eine halbe Stunde w\u00e4hrend des Tages ist oder abends vor dem Schlafengehen, wenn es nur ein &hellip; <a href=\"https:\/\/anklangundloesung.ch\/index.php\/2024\/11\/19\/gedanken-zur-stille\/\">Weiterlesen <span class=\"meta-nav\">&rarr;<\/span><\/a><\/p>\n","protected":false},"author":1,"featured_media":241,"comment_status":"open","ping_status":"open","sticky":false,"template":"","format":"standard","meta":{"h5ap_radio_sources":[],"footnotes":""},"categories":[1,35,13,34],"tags":[33,17,5,23,31,32],"class_list":["post-703","post","type-post","status-publish","format-standard","has-post-thumbnail","hentry","category-allgemein","category-klang","category-musik","category-stille","tag-blue-hour","tag-deep-listening","tag-improvisation","tag-klang","tag-stille","tag-theodor-hieck"],"_links":{"self":[{"href":"https:\/\/anklangundloesung.ch\/index.php\/wp-json\/wp\/v2\/posts\/703","targetHints":{"allow":["GET"]}}],"collection":[{"href":"https:\/\/anklangundloesung.ch\/index.php\/wp-json\/wp\/v2\/posts"}],"about":[{"href":"https:\/\/anklangundloesung.ch\/index.php\/wp-json\/wp\/v2\/types\/post"}],"author":[{"embeddable":true,"href":"https:\/\/anklangundloesung.ch\/index.php\/wp-json\/wp\/v2\/users\/1"}],"replies":[{"embeddable":true,"href":"https:\/\/anklangundloesung.ch\/index.php\/wp-json\/wp\/v2\/comments?post=703"}],"version-history":[{"count":2,"href":"https:\/\/anklangundloesung.ch\/index.php\/wp-json\/wp\/v2\/posts\/703\/revisions"}],"predecessor-version":[{"id":706,"href":"https:\/\/anklangundloesung.ch\/index.php\/wp-json\/wp\/v2\/posts\/703\/revisions\/706"}],"wp:featuredmedia":[{"embeddable":true,"href":"https:\/\/anklangundloesung.ch\/index.php\/wp-json\/wp\/v2\/media\/241"}],"wp:attachment":[{"href":"https:\/\/anklangundloesung.ch\/index.php\/wp-json\/wp\/v2\/media?parent=703"}],"wp:term":[{"taxonomy":"category","embeddable":true,"href":"https:\/\/anklangundloesung.ch\/index.php\/wp-json\/wp\/v2\/categories?post=703"},{"taxonomy":"post_tag","embeddable":true,"href":"https:\/\/anklangundloesung.ch\/index.php\/wp-json\/wp\/v2\/tags?post=703"}],"curies":[{"name":"wp","href":"https:\/\/api.w.org\/{rel}","templated":true}]}}